{"id":3188,"date":"2023-03-10T10:49:25","date_gmt":"2023-03-10T09:49:25","guid":{"rendered":"https:\/\/norderney-sportboothafen.de\/?p=3188"},"modified":"2023-03-10T10:51:31","modified_gmt":"2023-03-10T09:51:31","slug":"3188","status":"publish","type":"post","link":"https:\/\/norderney-sportboothafen.de\/?p=3188","title":{"rendered":"Farbenfrohe Begr\u00fc\u00dfung"},"content":{"rendered":"\n<p>Ein graues Schild hing bisher \u00fcber dem Eingang zum Steg im Norderneyer Yachthafen. Und auch auf dem Weg vom Steg zum Bootshaus war das letzte Schild grau in grau.<\/p>\n<p>Doch jetzt werden die Bootfahrer mit einem farbenfrohen Bild begr\u00fc\u00dft:<\/p>\n<figure id=\"attachment_3191\" aria-describedby=\"caption-attachment-3191\" style=\"width: 1436px\" class=\"wp-caption alignnone\"><a href=\"https:\/\/norderney-sportboothafen.de\/?attachment_id=3191\" rel=\"attachment wp-att-3191\"><img loading=\"lazy\" decoding=\"async\" class=\"size-full wp-image-3191\" src=\"http:\/\/norderney-sportboothafen.de\/wp-content\/uploads\/2023\/03\/Schild-Will-4.jpg\" alt=\"\" width=\"1436\" height=\"1211\" srcset=\"https:\/\/norderney-sportboothafen.de\/wp-content\/uploads\/2023\/03\/Schild-Will-4.jpg 1436w, https:\/\/norderney-sportboothafen.de\/wp-content\/uploads\/2023\/03\/Schild-Will-4-300x253.jpg 300w, https:\/\/norderney-sportboothafen.de\/wp-content\/uploads\/2023\/03\/Schild-Will-4-1214x1024.jpg 1214w, https:\/\/norderney-sportboothafen.de\/wp-content\/uploads\/2023\/03\/Schild-Will-4-768x648.jpg 768w\" sizes=\"auto, (max-width: 767px) 89vw, (max-width: 1000px) 54vw, (max-width: 1071px) 543px, 580px\" \/><\/a><figcaption id=\"caption-attachment-3191\" class=\"wp-caption-text\">Wer an Land geht, wird von einem Bild mit zwei Flaggen aus dem Flaggenalphabet und der Norderney-Flagge begr\u00fc\u00dft.<\/figcaption><\/figure>\n<p>Und alle, die auf den Steg gehen, haben einen sch\u00f6nen Blick auf gemalte Segelboote in voller Fahrt\u00a0 und auf den Stander des Seglervereins Norderney.<\/p>\n<p>Reiner Will hat die Schilder bemalt und Jens Will hat sie am Donnerstag angebracht.<\/p>\n<figure id=\"attachment_3195\" aria-describedby=\"caption-attachment-3195\" style=\"width: 1865px\" class=\"wp-caption alignnone\"><a href=\"https:\/\/norderney-sportboothafen.de\/?attachment_id=3195\" rel=\"attachment wp-att-3195\"><img loading=\"lazy\" decoding=\"async\" class=\"wp-image-3195 size-full\" src=\"http:\/\/norderney-sportboothafen.de\/wp-content\/uploads\/2023\/03\/Schild-Will-5.jpg\" alt=\"\" width=\"1865\" height=\"667\" srcset=\"https:\/\/norderney-sportboothafen.de\/wp-content\/uploads\/2023\/03\/Schild-Will-5.jpg 1865w, https:\/\/norderney-sportboothafen.de\/wp-content\/uploads\/2023\/03\/Schild-Will-5-300x107.jpg 300w, https:\/\/norderney-sportboothafen.de\/wp-content\/uploads\/2023\/03\/Schild-Will-5-1400x501.jpg 1400w, https:\/\/norderney-sportboothafen.de\/wp-content\/uploads\/2023\/03\/Schild-Will-5-768x275.jpg 768w, https:\/\/norderney-sportboothafen.de\/wp-content\/uploads\/2023\/03\/Schild-Will-5-1536x549.jpg 1536w\" sizes=\"auto, (max-width: 767px) 89vw, (max-width: 1000px) 54vw, (max-width: 1071px) 543px, 580px\" \/><\/a><figcaption id=\"caption-attachment-3195\" class=\"wp-caption-text\">Das Schild vom Land aus zeigt Segelboote vor Norderney.<\/figcaption><\/figure>\n<p>\u00a0<\/p>\n<div id='gallery-1' class='gallery galleryid-3188 gallery-columns-2 gallery-size-thumbnail'><figure class='gallery-item'>\n\t\t\t<div class='gallery-icon landscape'>\n\t\t\t\t<a href='https:\/\/norderney-sportboothafen.de\/?attachment_id=3193'><img loading=\"lazy\" decoding=\"async\" width=\"150\" height=\"150\" src=\"https:\/\/norderney-sportboothafen.de\/wp-content\/uploads\/2023\/03\/Schild-Will-1-150x150.jpg\" class=\"attachment-thumbnail size-thumbnail\" alt=\"\" aria-describedby=\"gallery-1-3193\" srcset=\"https:\/\/norderney-sportboothafen.de\/wp-content\/uploads\/2023\/03\/Schild-Will-1-150x150.jpg 150w, https:\/\/norderney-sportboothafen.de\/wp-content\/uploads\/2023\/03\/Schild-Will-1-100x100.jpg 100w\" sizes=\"auto, 100vw\" \/><\/a>\n\t\t\t<\/div>\n\t\t\t\t<figcaption class='wp-caption-text gallery-caption' id='gallery-1-3193'>\n\t\t\t\tNoch ist das Schild am Eingang zum Steg grau. \n\t\t\t\t<\/figcaption><\/figure><figure class='gallery-item'>\n\t\t\t<div class='gallery-icon landscape'>\n\t\t\t\t<a href='https:\/\/norderney-sportboothafen.de\/?attachment_id=3194'><img loading=\"lazy\" decoding=\"async\" width=\"150\" height=\"150\" src=\"https:\/\/norderney-sportboothafen.de\/wp-content\/uploads\/2023\/03\/Schild-Will-2-150x150.jpg\" class=\"attachment-thumbnail size-thumbnail\" alt=\"\" aria-describedby=\"gallery-1-3194\" srcset=\"https:\/\/norderney-sportboothafen.de\/wp-content\/uploads\/2023\/03\/Schild-Will-2-150x150.jpg 150w, https:\/\/norderney-sportboothafen.de\/wp-content\/uploads\/2023\/03\/Schild-Will-2-100x100.jpg 100w\" sizes=\"auto, 100vw\" \/><\/a>\n\t\t\t<\/div>\n\t\t\t\t<figcaption class='wp-caption-text gallery-caption' id='gallery-1-3194'>\n\t\t\t\tUnd jetzt ist es bunt. Jens Will hat die Bilder seines Vaters Reiner anmontiert.\n\t\t\t\t<\/figcaption><\/figure>\n\t\t<\/div>\n\n","protected":false},"excerpt":{"rendered":"<p>Ein graues Schild hing bisher \u00fcber dem Eingang zum Steg im Norderneyer Yachthafen. Und auch auf dem Weg vom Steg zum Bootshaus war das letzte Schild grau in grau. Doch jetzt werden die Bootfahrer mit einem farbenfrohen Bild begr\u00fc\u00dft: Und alle, die auf den Steg gehen, haben einen sch\u00f6nen Blick auf gemalte Segelboote in voller &hellip; <\/p>\n<p class=\"link-more\"><a href=\"https:\/\/norderney-sportboothafen.de\/?p=3188\" class=\"more-link\"><span class=\"screen-reader-text\">\u201eFarbenfrohe Begr\u00fc\u00dfung\u201c<\/span> weiterlesen<\/a><\/p>\n","protected":false},"author":3,"featured_media":3189,"comment_status":"closed","ping_status":"closed","sticky":false,"template":"","format":"standard","meta":{"footnotes":""},"categories":[17],"tags":[10,20,22],"class_list":["post-3188","post","type-post","status-publish","format-standard","has-post-thumbnail","hentry","category-neuigkeiten","tag-hafen","tag-mitglieder","tag-steg"],"_links":{"self":[{"href":"https:\/\/norderney-sportboothafen.de\/index.php?rest_route=\/wp\/v2\/posts\/3188","targetHints":{"allow":["GET"]}}],"collection":[{"href":"https:\/\/norderney-sportboothafen.de\/index.php?rest_route=\/wp\/v2\/posts"}],"about":[{"href":"https:\/\/norderney-sportboothafen.de\/index.php?rest_route=\/wp\/v2\/types\/post"}],"author":[{"embeddable":true,"href":"https:\/\/norderney-sportboothafen.de\/index.php?rest_route=\/wp\/v2\/users\/3"}],"replies":[{"embeddable":true,"href":"https:\/\/norderney-sportboothafen.de\/index.php?rest_route=%2Fwp%2Fv2%2Fcomments&post=3188"}],"version-history":[{"count":8,"href":"https:\/\/norderney-sportboothafen.de\/index.php?rest_route=\/wp\/v2\/posts\/3188\/revisions"}],"predecessor-version":[{"id":3201,"href":"https:\/\/norderney-sportboothafen.de\/index.php?rest_route=\/wp\/v2\/posts\/3188\/revisions\/3201"}],"wp:featuredmedia":[{"embeddable":true,"href":"https:\/\/norderney-sportboothafen.de\/index.php?rest_route=\/wp\/v2\/media\/3189"}],"wp:attachment":[{"href":"https:\/\/norderney-sportboothafen.de\/index.php?rest_route=%2Fwp%2Fv2%2Fmedia&parent=3188"}],"wp:term":[{"taxonomy":"category","embeddable":true,"href":"https:\/\/norderney-sportboothafen.de\/index.php?rest_route=%2Fwp%2Fv2%2Fcategories&post=3188"},{"taxonomy":"post_tag","embeddable":true,"href":"https:\/\/norderney-sportboothafen.de\/index.php?rest_route=%2Fwp%2Fv2%2Ftags&post=3188"}],"curies":[{"name":"wp","href":"https:\/\/api.w.org\/{rel}","templated":true}]}}